{"id":1030,"date":"2018-05-03T14:47:56","date_gmt":"2018-05-03T13:47:56","guid":{"rendered":"http:\/\/iguala3.org\/?p=1030"},"modified":"2018-05-03T14:47:56","modified_gmt":"2018-05-03T13:47:56","slug":"famosos-jugaran-partido-benefico-yuncos-manuel-hombre-ela-nunca-pierde-la-sonrisa","status":"publish","type":"post","link":"https:\/\/iguala3.org\/index.php\/2018\/05\/03\/famosos-jugaran-partido-benefico-yuncos-manuel-hombre-ela-nunca-pierde-la-sonrisa\/","title":{"rendered":"Famosos jugar\u00e1n un partido ben\u00e9fico en Yuncos por Manuel, un hombre con ELA pero que \u00abnunca pierde la sonrisa\u00bb"},"content":{"rendered":"<p>Ram\u00f3n Garc\u00eda, Kiko Narv\u00e1ez, el jurado de Masterchef y Juan y Medio, as\u00ed como varios c\u00f3micos, toreros y futbolistas han mostrado apoyo y muchos de ellos estar\u00e1n en Yuncos (Toledo) el 26 de mayo con el objetivo de recaudar fondos para que se investigue para alcanzar una cura contra la ELA.<\/p>\n<p><a href=\"http:\/\/iguala3.org\/wp-content\/uploads\/2018\/05\/dADHSTe6_400x400.jpg\"><img loading=\"lazy\" decoding=\"async\" class=\"alignleft size-medium wp-image-1031\" src=\"http:\/\/iguala3.org\/wp-content\/uploads\/2018\/05\/dADHSTe6_400x400-300x300.jpg\" alt=\"Fundaci\u00f3n Luz\u00f3n\" width=\"300\" height=\"300\" srcset=\"https:\/\/iguala3.org\/wp-content\/uploads\/2018\/05\/dADHSTe6_400x400-300x300.jpg 300w, https:\/\/iguala3.org\/wp-content\/uploads\/2018\/05\/dADHSTe6_400x400-150x150.jpg 150w, https:\/\/iguala3.org\/wp-content\/uploads\/2018\/05\/dADHSTe6_400x400.jpg 400w\" sizes=\"auto, (max-width: 300px) 100vw, 300px\" \/><\/a><\/p>\n<p>&nbsp;<\/p>\n<p><strong>A BENEFICIO DE LA FUNDACI\u00d3N LUZ\u00d3N.<\/strong><strong>\u00a0<\/strong><\/p>\n<p><strong>Manuel S\u00e1nchez Garc\u00eda<\/strong>\u00a0es un hombre de 45 a\u00f1os que reside en Yuncos. Desde septiembre sabe que est\u00e1 afectado por la Esclerosis Lateral Amiotr\u00f3fica, la ELA, una enfermedad sin cura pero que no ha conseguido que Manuel pierda las ganas por luchar y seguir adelante.<\/p>\n<p>Buena culpa de ello la tiene una familia y unos amigos que se han volcado con \u00e9l y fruto de ello es el partido ben\u00e9fico contra la ELA: \u201cAmigos de Manuel Vs Famosos\u201d del pr\u00f3ximo 26 de mayo en Yuncos. En \u00e9l buscar\u00e1n reunir fondos para que se pueda investigar con el fin de \u201cayudar a conseguir una cura contra esta enfermedad, que es una lacra\u201d, explica a encastillalamancha.es uno de los amigos,\u00a0<strong>Manuel Gal\u00e1n S\u00e1nchez<\/strong>.<\/p>\n<p>En esta localidad de la Sagra se van a dar cita multitud de famosos para jugar un partido contra los amigos de Manuel. La entrada al partido tendr\u00e1 un precio simb\u00f3lico de dos euros con el que contribuir con la Fundaci\u00f3n Luz\u00f3n, a la cual pertenece Manuel, y que siga investigando para encontrar un remedio con el que combatir la ELA. Pero no ser\u00e1 el \u00fanico foco de atenci\u00f3n de ese d\u00eda. Sus amigos han preparado un mont\u00f3n de sorpresas y de acciones con las que seguir sumando a la causa. Por ejemplo, van a sortear una camiseta firmada por los jugadores del Real Madrid y un capote tambi\u00e9n firmado por famosos toreros.<\/p>\n<p>A Manuel, que trabaja de transportista, le diagnosticaron la ELA en septiembre, pero en meses anteriores ya se notaba extra\u00f1o. En ocasiones le costaba hablar y desde que sabe que padece la enfermedad ha ido a m\u00e1s. Su movilidad tambi\u00e9n se est\u00e1 viendo afectada y cada vez le resulta m\u00e1s dificultoso desplazarse. Pero a\u00fan as\u00ed, tal y como cuenta su amigo, \u201cla sonrisa no la pierde nunca\u201d. \u201cEs un t\u00edo muy optimista\u201d, subraya, aunque es consciente de que por dentro a su amigo tambi\u00e9n le estar\u00e1 costando afrontar la incertidumbre que plantea la\u00a0Esclerosis Lateral Amiotr\u00f3fica.<\/p>\n<p><strong>Los cocineros de Masterchef, c\u00f3micos, futbolistas\u2026<\/strong><\/p>\n<p>No es casualidad que se realice un partido de f\u00fatbol, porque Manuel ha jugado durante muchos a\u00f1os en un equipo de Illescas. La lista de famosos que han apoyado el evento es larga, no todos podr\u00e1n asistir, pero si una buena parte de ellos. Entre estos rostros conocidos est\u00e1n los de\u00a0<strong>Pepe Rodr\u00edguez<\/strong>, el cocinero illescano que forma parte del jurado de MasterChef, sus compa\u00f1eros\u00a0<strong>Jordi Cruz<\/strong>\u00a0y\u00a0<strong>Santantha Vallejo-N\u00e1gera<\/strong>, el\u00a0<strong>Gran Wyoming<\/strong>,\u00a0<strong>Lucas<\/strong>, de Andy y Lucas,\u00a0<strong>Rafa de\u00a0<\/strong>Hombre G,\u00a0<strong>Javier de\u00a0<\/strong>Los Pecos,\u00a0<strong>Juan y Medio<\/strong>,\u00a0<strong>Ram\u00f3n Garc\u00eda<\/strong>\u2026 Tambi\u00e9n habr\u00e1 gente del mundo del toro, como\u00a0<strong>Eugenio de Mora<\/strong>,\u00a0<strong>\u00d3scar Higares<\/strong>\u00a0o\u00a0<strong>Cristina S\u00e1nchez<\/strong>.<\/p>\n<p>Asimismo, estar\u00e1n son el exmadridistas\u00a0<strong>Iv\u00e1n P\u00e9rez<\/strong>, el ex del Atleti\u00a0<strong>Antonio L\u00f3pez<\/strong>, o\u00a0<strong>Sergio<\/strong>\u00a0<strong>Pach\u00f3n<\/strong>, exjugador del Getafe.<\/p>\n<p>En mundo del humor estar\u00e1 muy representado y buena parte de culpa la tiene uno de los amigos de Manuel, Pedro, dado que es el creador de C\u00edrculo Creativo en Yuncos, un espacio donde han pasado muchos de los mejores c\u00f3micos del pa\u00eds. De este modo, han mostrado su apoyo\u00a0<strong>Miki de Cai<\/strong>,\u00a0<strong>Miguel 925<\/strong>\u00a0o\u00a0<strong>F\u00e9lix el Gato<\/strong>.<\/p>\n<p>Muchos de estos famosos ya han enviado un v\u00eddeo de apoyo para esta causa que han colgado en la p\u00e1gina de Facebook\u00a0<a href=\"https:\/\/www.facebook.com\/Por-un-Futuro-sin-ELA-Yuncos-con-Manuel-2116474068587259\/\">\u201cPor un futuro sin ELA, \u00a1Yuncos con Manuel!\u201d<\/a>, entre ellos <a href=\"https:\/\/www.facebook.com\/2116474068587259\/videos\/2125210254380307\/\" target=\"_blank\" rel=\"noopener\">este de Juan y Medio<\/a> que no tiene ning\u00fan desperdicio.<\/p>\n<p>Todav\u00eda queda un mes para que se desarrollo el partido, por lo que a lo largo del mes de mayo se ir\u00e1n confirmando los participantes en el partido. Lo que s\u00ed est\u00e1 cerrado de cara a la celebraci\u00f3n en el Polideportivo de Yuncos es el abanico enorme de actividades. Se desarrollar\u00e1 un torneo de f\u00fatbol 7 tanto de prebenjam\u00edn como benjam\u00edn. Habr\u00e1 actividades para los m\u00e1s j\u00f3venes, como castillos hinchables o pintacaras, y tambi\u00e9n una barra donde refrescarse. Una de las ideas m\u00e1s peculiares ser\u00e1 la participaci\u00f3n en el evento de los \u201cmasajistas solidarios\u201d, quieres dar\u00e1n masajes a cambio de una cantidad simb\u00f3lica con la que tambi\u00e9n recaudar fondos.<\/p>\n<p>Adem\u00e1s, hay habilitada una fila cero, con una cuenta para que todo aquel que quiera hacer una contribuci\u00f3n pueda aportarlo su granito de arena. El n\u00famero de cuenta es:\u00a0ES79 0049 4552 1721 1003 5011.<\/p>\n<p><strong>Unos amigos ayudando en todo lo que se pueda<\/strong><\/p>\n<p>Los amigos de Manuel est\u00e1n haciendo todo lo posible por ayudar. Este grupo de personas no solo se est\u00e1 encargando de organizar este evento del 26 de mayo, echan una mano en lo que se pueda. Por ejemplo han estado trabajando en una reforma que ha tenido que acometer Manuel en su casa y ahora tambi\u00e9n contribuir\u00e1n instalando el ascensor que va a tener que poner en su domicilio porque su movilidad cada vez es m\u00e1s reducida.<\/p>\n<p><strong>M\u00e1s de 150 empresas implicadas<\/strong><\/p>\n<p>La organizaci\u00f3n del partido ben\u00e9fico contra la ELA se est\u00e1 moviendo, y mucho. Fruto de esta actividad y del altruismo de las personas ya han logrado que 150 empresas colaboren con la iniciativa. A modo de an\u00e9cdota, la gran cantidad de empresas ha hecho que no todas quepan en un \u00fanico cartel y tendr\u00e1n que realizar dos. Adem\u00e1s, para el desarrollo del evento tambi\u00e9n est\u00e1n contando con la colaboraci\u00f3n de Ayuntamiento de Yuncos.<\/p>\n<p><em>Fuente:\u00a0www.encastillalamancha.es<\/em><\/p>\n<p>&nbsp;<\/p>\n","protected":false},"excerpt":{"rendered":"<p>Ram\u00f3n Garc\u00eda, Kiko Narv\u00e1ez, el jurado de Masterchef y Juan y Medio, as\u00ed como varios c\u00f3micos, toreros y futbolistas han mostrado apoyo y muchos de ellos estar\u00e1n en Yuncos (Toledo) el 26 de mayo con el objetivo de recaudar fondos para que se investigue para alcanzar una cura contra la ELA. &nbsp; A BENEFICIO DE [&hellip;]<\/p>\n","protected":false},"author":1,"featured_media":1031,"comment_status":"open","ping_status":"open","sticky":false,"template":"","format":"standard","meta":{"_bbp_topic_count":0,"_bbp_reply_count":0,"_bbp_total_topic_count":0,"_bbp_total_reply_count":0,"_bbp_voice_count":0,"_bbp_anonymous_reply_count":0,"_bbp_topic_count_hidden":0,"_bbp_reply_count_hidden":0,"_bbp_forum_subforum_count":0,"_monsterinsights_skip_tracking":false,"_monsterinsights_sitenote_active":false,"_monsterinsights_sitenote_note":"","_monsterinsights_sitenote_category":0,"footnotes":""},"categories":[3],"tags":[20],"class_list":{"0":"post-1030","1":"post","2":"type-post","3":"status-publish","4":"format-standard","5":"has-post-thumbnail","7":"category-noticias","8":"tag-ela","9":"czr-hentry"},"yoast_head":"<!-- This site is optimized with the Yoast SEO plugin v27.2 - https:\/\/yoast.com\/product\/yoast-seo-wordpress\/ -->\n<title>Famosos jugar\u00e1n un partido ben\u00e9fico en Yuncos por Manuel, un hombre con ELA pero que &quot;nunca pierde la sonrisa&quot; - Iguala3<\/title>\n<meta name=\"description\" content=\"Asociaci\u00f3n de Familiares, Amigos y Personascon Da\u00f1o Cerebral de Castilla-La Mancha, Iguala3 Iguala3 Da\u00f1o Cerebral Sobrevenido Famosos jugar\u00e1n un partido ben\u00e9fico en Yuncos por Manuel, un hombre con ELA pero que &quot;nunca pierde la sonrisa&quot; Castilla-La Mancha Iguala3 %\" \/>\n<meta name=\"robots\" content=\"index, follow, max-snippet:-1, max-image-preview:large, max-video-preview:-1\" \/>\n<link rel=\"canonical\" href=\"https:\/\/iguala3.org\/index.php\/2018\/05\/03\/famosos-jugaran-partido-benefico-yuncos-manuel-hombre-ela-nunca-pierde-la-sonrisa\/\" \/>\n<meta property=\"og:locale\" content=\"es_ES\" \/>\n<meta property=\"og:type\" content=\"article\" \/>\n<meta property=\"og:title\" content=\"Famosos jugar\u00e1n un partido ben\u00e9fico en Yuncos por Manuel, un hombre con ELA pero que &quot;nunca pierde la sonrisa&quot; - Iguala3\" \/>\n<meta property=\"og:description\" content=\"Asociaci\u00f3n de Familiares, Amigos y Personascon Da\u00f1o Cerebral de Castilla-La Mancha, Iguala3 Iguala3 Da\u00f1o Cerebral Sobrevenido Famosos jugar\u00e1n un partido ben\u00e9fico en Yuncos por Manuel, un hombre con ELA pero que &quot;nunca pierde la sonrisa&quot; Castilla-La Mancha Iguala3 %\" \/>\n<meta property=\"og:url\" content=\"https:\/\/iguala3.org\/index.php\/2018\/05\/03\/famosos-jugaran-partido-benefico-yuncos-manuel-hombre-ela-nunca-pierde-la-sonrisa\/\" \/>\n<meta property=\"og:site_name\" content=\"Iguala3\" \/>\n<meta property=\"article:publisher\" content=\"https:\/\/www.facebook.com\/pages\/Iguala3\/820765978014722\" \/>\n<meta property=\"article:published_time\" content=\"2018-05-03T13:47:56+00:00\" \/>\n<meta property=\"og:image\" content=\"https:\/\/iguala3.org\/wp-content\/uploads\/2018\/05\/dADHSTe6_400x400.jpg\" \/>\n\t<meta property=\"og:image:width\" content=\"400\" \/>\n\t<meta property=\"og:image:height\" content=\"400\" \/>\n\t<meta property=\"og:image:type\" content=\"image\/jpeg\" \/>\n<meta name=\"author\" content=\"Daniel\" \/>\n<meta name=\"twitter:card\" content=\"summary_large_image\" \/>\n<meta name=\"twitter:creator\" content=\"@iguala3_\" \/>\n<meta name=\"twitter:site\" content=\"@iguala3_\" \/>\n<meta name=\"twitter:label1\" content=\"Escrito por\" \/>\n\t<meta name=\"twitter:data1\" content=\"Daniel\" \/>\n\t<meta name=\"twitter:label2\" content=\"Tiempo de lectura\" \/>\n\t<meta name=\"twitter:data2\" content=\"5 minutos\" \/>\n<script type=\"application\/ld+json\" class=\"yoast-schema-graph\">{\"@context\":\"https:\/\/schema.org\",\"@graph\":[{\"@type\":\"Article\",\"@id\":\"https:\/\/iguala3.org\/index.php\/2018\/05\/03\/famosos-jugaran-partido-benefico-yuncos-manuel-hombre-ela-nunca-pierde-la-sonrisa\/#article\",\"isPartOf\":{\"@id\":\"https:\/\/iguala3.org\/index.php\/2018\/05\/03\/famosos-jugaran-partido-benefico-yuncos-manuel-hombre-ela-nunca-pierde-la-sonrisa\/\"},\"author\":{\"name\":\"Daniel\",\"@id\":\"https:\/\/iguala3.org\/#\/schema\/person\/d33d4dd1218bf367bff9ca9c38661763\"},\"headline\":\"Famosos jugar\u00e1n un partido ben\u00e9fico en Yuncos por Manuel, un hombre con ELA pero que \u00abnunca pierde la sonrisa\u00bb\",\"datePublished\":\"2018-05-03T13:47:56+00:00\",\"mainEntityOfPage\":{\"@id\":\"https:\/\/iguala3.org\/index.php\/2018\/05\/03\/famosos-jugaran-partido-benefico-yuncos-manuel-hombre-ela-nunca-pierde-la-sonrisa\/\"},\"wordCount\":1028,\"commentCount\":0,\"publisher\":{\"@id\":\"https:\/\/iguala3.org\/#organization\"},\"image\":{\"@id\":\"https:\/\/iguala3.org\/index.php\/2018\/05\/03\/famosos-jugaran-partido-benefico-yuncos-manuel-hombre-ela-nunca-pierde-la-sonrisa\/#primaryimage\"},\"thumbnailUrl\":\"https:\/\/iguala3.org\/wp-content\/uploads\/2018\/05\/dADHSTe6_400x400.jpg\",\"keywords\":[\"ELA\"],\"articleSection\":[\"Noticias\"],\"inLanguage\":\"es\",\"potentialAction\":[{\"@type\":\"CommentAction\",\"name\":\"Comment\",\"target\":[\"https:\/\/iguala3.org\/index.php\/2018\/05\/03\/famosos-jugaran-partido-benefico-yuncos-manuel-hombre-ela-nunca-pierde-la-sonrisa\/#respond\"]}]},{\"@type\":\"WebPage\",\"@id\":\"https:\/\/iguala3.org\/index.php\/2018\/05\/03\/famosos-jugaran-partido-benefico-yuncos-manuel-hombre-ela-nunca-pierde-la-sonrisa\/\",\"url\":\"https:\/\/iguala3.org\/index.php\/2018\/05\/03\/famosos-jugaran-partido-benefico-yuncos-manuel-hombre-ela-nunca-pierde-la-sonrisa\/\",\"name\":\"Famosos jugar\u00e1n un partido ben\u00e9fico en Yuncos por Manuel, un hombre con ELA pero que \\\"nunca pierde la sonrisa\\\" - Iguala3\",\"isPartOf\":{\"@id\":\"https:\/\/iguala3.org\/#website\"},\"primaryImageOfPage\":{\"@id\":\"https:\/\/iguala3.org\/index.php\/2018\/05\/03\/famosos-jugaran-partido-benefico-yuncos-manuel-hombre-ela-nunca-pierde-la-sonrisa\/#primaryimage\"},\"image\":{\"@id\":\"https:\/\/iguala3.org\/index.php\/2018\/05\/03\/famosos-jugaran-partido-benefico-yuncos-manuel-hombre-ela-nunca-pierde-la-sonrisa\/#primaryimage\"},\"thumbnailUrl\":\"https:\/\/iguala3.org\/wp-content\/uploads\/2018\/05\/dADHSTe6_400x400.jpg\",\"datePublished\":\"2018-05-03T13:47:56+00:00\",\"description\":\"Asociaci\u00f3n de Familiares, Amigos y Personascon Da\u00f1o Cerebral de Castilla-La Mancha, Iguala3 Iguala3 Da\u00f1o Cerebral Sobrevenido Famosos jugar\u00e1n un partido ben\u00e9fico en Yuncos por Manuel, un hombre con ELA pero que \\\"nunca pierde la sonrisa\\\" Castilla-La Mancha Iguala3 %\",\"breadcrumb\":{\"@id\":\"https:\/\/iguala3.org\/index.php\/2018\/05\/03\/famosos-jugaran-partido-benefico-yuncos-manuel-hombre-ela-nunca-pierde-la-sonrisa\/#breadcrumb\"},\"inLanguage\":\"es\",\"potentialAction\":[{\"@type\":\"ReadAction\",\"target\":[\"https:\/\/iguala3.org\/index.php\/2018\/05\/03\/famosos-jugaran-partido-benefico-yuncos-manuel-hombre-ela-nunca-pierde-la-sonrisa\/\"]}]},{\"@type\":\"ImageObject\",\"inLanguage\":\"es\",\"@id\":\"https:\/\/iguala3.org\/index.php\/2018\/05\/03\/famosos-jugaran-partido-benefico-yuncos-manuel-hombre-ela-nunca-pierde-la-sonrisa\/#primaryimage\",\"url\":\"https:\/\/iguala3.org\/wp-content\/uploads\/2018\/05\/dADHSTe6_400x400.jpg\",\"contentUrl\":\"https:\/\/iguala3.org\/wp-content\/uploads\/2018\/05\/dADHSTe6_400x400.jpg\",\"width\":400,\"height\":400,\"caption\":\"Fundaci\u00f3n Luz\u00f3n\"},{\"@type\":\"BreadcrumbList\",\"@id\":\"https:\/\/iguala3.org\/index.php\/2018\/05\/03\/famosos-jugaran-partido-benefico-yuncos-manuel-hombre-ela-nunca-pierde-la-sonrisa\/#breadcrumb\",\"itemListElement\":[{\"@type\":\"ListItem\",\"position\":1,\"name\":\"Portada\",\"item\":\"https:\/\/iguala3.org\/\"},{\"@type\":\"ListItem\",\"position\":2,\"name\":\"Famosos jugar\u00e1n un partido ben\u00e9fico en Yuncos por Manuel, un hombre con ELA pero que \u00abnunca pierde la sonrisa\u00bb\"}]},{\"@type\":\"WebSite\",\"@id\":\"https:\/\/iguala3.org\/#website\",\"url\":\"https:\/\/iguala3.org\/\",\"name\":\"Iguala3\",\"description\":\"Asociaci\u00f3n de Familiares, Amigos y Personas con Da\u00f1o Cerebral de Castilla La Mancha\",\"publisher\":{\"@id\":\"https:\/\/iguala3.org\/#organization\"},\"potentialAction\":[{\"@type\":\"SearchAction\",\"target\":{\"@type\":\"EntryPoint\",\"urlTemplate\":\"https:\/\/iguala3.org\/?s={search_term_string}\"},\"query-input\":{\"@type\":\"PropertyValueSpecification\",\"valueRequired\":true,\"valueName\":\"search_term_string\"}}],\"inLanguage\":\"es\"},{\"@type\":\"Organization\",\"@id\":\"https:\/\/iguala3.org\/#organization\",\"name\":\"Asociaci\u00f3n de Familiares, Amigos y Personas con Da\u00f1o Cerebral de Castilla-La Mancha\",\"url\":\"https:\/\/iguala3.org\/\",\"logo\":{\"@type\":\"ImageObject\",\"inLanguage\":\"es\",\"@id\":\"https:\/\/iguala3.org\/#\/schema\/logo\/image\/\",\"url\":\"https:\/\/iguala3.org\/wp-content\/uploads\/2015\/06\/Logo-color-I3-e1433841997489.jpg\",\"contentUrl\":\"https:\/\/iguala3.org\/wp-content\/uploads\/2015\/06\/Logo-color-I3-e1433841997489.jpg\",\"width\":211,\"height\":87,\"caption\":\"Asociaci\u00f3n de Familiares, Amigos y Personas con Da\u00f1o Cerebral de Castilla-La Mancha\"},\"image\":{\"@id\":\"https:\/\/iguala3.org\/#\/schema\/logo\/image\/\"},\"sameAs\":[\"https:\/\/www.facebook.com\/pages\/Iguala3\/820765978014722\",\"https:\/\/x.com\/iguala3_\",\"https:\/\/www.instagram.com\/iguala_3\/\",\"https:\/\/www.youtube.com\/channel\/UCPO794h8wGRurN_87MYN99w\/videos\"]},{\"@type\":\"Person\",\"@id\":\"https:\/\/iguala3.org\/#\/schema\/person\/d33d4dd1218bf367bff9ca9c38661763\",\"name\":\"Daniel\",\"image\":{\"@type\":\"ImageObject\",\"inLanguage\":\"es\",\"@id\":\"https:\/\/secure.gravatar.com\/avatar\/bedb13b57e622f0105abf0cd9fc5a6a19b76c3af3a31860544670b433530b2fe?s=96&d=mm&r=g\",\"url\":\"https:\/\/secure.gravatar.com\/avatar\/bedb13b57e622f0105abf0cd9fc5a6a19b76c3af3a31860544670b433530b2fe?s=96&d=mm&r=g\",\"contentUrl\":\"https:\/\/secure.gravatar.com\/avatar\/bedb13b57e622f0105abf0cd9fc5a6a19b76c3af3a31860544670b433530b2fe?s=96&d=mm&r=g\",\"caption\":\"Daniel\"}}]}<\/script>\n<!-- \/ Yoast SEO plugin. -->","yoast_head_json":{"title":"Famosos jugar\u00e1n un partido ben\u00e9fico en Yuncos por Manuel, un hombre con ELA pero que \"nunca pierde la sonrisa\" - Iguala3","description":"Asociaci\u00f3n de Familiares, Amigos y Personascon Da\u00f1o Cerebral de Castilla-La Mancha, Iguala3 Iguala3 Da\u00f1o Cerebral Sobrevenido Famosos jugar\u00e1n un partido ben\u00e9fico en Yuncos por Manuel, un hombre con ELA pero que \"nunca pierde la sonrisa\" Castilla-La Mancha Iguala3 %","robots":{"index":"index","follow":"follow","max-snippet":"max-snippet:-1","max-image-preview":"max-image-preview:large","max-video-preview":"max-video-preview:-1"},"canonical":"https:\/\/iguala3.org\/index.php\/2018\/05\/03\/famosos-jugaran-partido-benefico-yuncos-manuel-hombre-ela-nunca-pierde-la-sonrisa\/","og_locale":"es_ES","og_type":"article","og_title":"Famosos jugar\u00e1n un partido ben\u00e9fico en Yuncos por Manuel, un hombre con ELA pero que \"nunca pierde la sonrisa\" - Iguala3","og_description":"Asociaci\u00f3n de Familiares, Amigos y Personascon Da\u00f1o Cerebral de Castilla-La Mancha, Iguala3 Iguala3 Da\u00f1o Cerebral Sobrevenido Famosos jugar\u00e1n un partido ben\u00e9fico en Yuncos por Manuel, un hombre con ELA pero que \"nunca pierde la sonrisa\" Castilla-La Mancha Iguala3 %","og_url":"https:\/\/iguala3.org\/index.php\/2018\/05\/03\/famosos-jugaran-partido-benefico-yuncos-manuel-hombre-ela-nunca-pierde-la-sonrisa\/","og_site_name":"Iguala3","article_publisher":"https:\/\/www.facebook.com\/pages\/Iguala3\/820765978014722","article_published_time":"2018-05-03T13:47:56+00:00","og_image":[{"width":400,"height":400,"url":"https:\/\/iguala3.org\/wp-content\/uploads\/2018\/05\/dADHSTe6_400x400.jpg","type":"image\/jpeg"}],"author":"Daniel","twitter_card":"summary_large_image","twitter_creator":"@iguala3_","twitter_site":"@iguala3_","twitter_misc":{"Escrito por":"Daniel","Tiempo de lectura":"5 minutos"},"schema":{"@context":"https:\/\/schema.org","@graph":[{"@type":"Article","@id":"https:\/\/iguala3.org\/index.php\/2018\/05\/03\/famosos-jugaran-partido-benefico-yuncos-manuel-hombre-ela-nunca-pierde-la-sonrisa\/#article","isPartOf":{"@id":"https:\/\/iguala3.org\/index.php\/2018\/05\/03\/famosos-jugaran-partido-benefico-yuncos-manuel-hombre-ela-nunca-pierde-la-sonrisa\/"},"author":{"name":"Daniel","@id":"https:\/\/iguala3.org\/#\/schema\/person\/d33d4dd1218bf367bff9ca9c38661763"},"headline":"Famosos jugar\u00e1n un partido ben\u00e9fico en Yuncos por Manuel, un hombre con ELA pero que \u00abnunca pierde la sonrisa\u00bb","datePublished":"2018-05-03T13:47:56+00:00","mainEntityOfPage":{"@id":"https:\/\/iguala3.org\/index.php\/2018\/05\/03\/famosos-jugaran-partido-benefico-yuncos-manuel-hombre-ela-nunca-pierde-la-sonrisa\/"},"wordCount":1028,"commentCount":0,"publisher":{"@id":"https:\/\/iguala3.org\/#organization"},"image":{"@id":"https:\/\/iguala3.org\/index.php\/2018\/05\/03\/famosos-jugaran-partido-benefico-yuncos-manuel-hombre-ela-nunca-pierde-la-sonrisa\/#primaryimage"},"thumbnailUrl":"https:\/\/iguala3.org\/wp-content\/uploads\/2018\/05\/dADHSTe6_400x400.jpg","keywords":["ELA"],"articleSection":["Noticias"],"inLanguage":"es","potentialAction":[{"@type":"CommentAction","name":"Comment","target":["https:\/\/iguala3.org\/index.php\/2018\/05\/03\/famosos-jugaran-partido-benefico-yuncos-manuel-hombre-ela-nunca-pierde-la-sonrisa\/#respond"]}]},{"@type":"WebPage","@id":"https:\/\/iguala3.org\/index.php\/2018\/05\/03\/famosos-jugaran-partido-benefico-yuncos-manuel-hombre-ela-nunca-pierde-la-sonrisa\/","url":"https:\/\/iguala3.org\/index.php\/2018\/05\/03\/famosos-jugaran-partido-benefico-yuncos-manuel-hombre-ela-nunca-pierde-la-sonrisa\/","name":"Famosos jugar\u00e1n un partido ben\u00e9fico en Yuncos por Manuel, un hombre con ELA pero que \"nunca pierde la sonrisa\" - Iguala3","isPartOf":{"@id":"https:\/\/iguala3.org\/#website"},"primaryImageOfPage":{"@id":"https:\/\/iguala3.org\/index.php\/2018\/05\/03\/famosos-jugaran-partido-benefico-yuncos-manuel-hombre-ela-nunca-pierde-la-sonrisa\/#primaryimage"},"image":{"@id":"https:\/\/iguala3.org\/index.php\/2018\/05\/03\/famosos-jugaran-partido-benefico-yuncos-manuel-hombre-ela-nunca-pierde-la-sonrisa\/#primaryimage"},"thumbnailUrl":"https:\/\/iguala3.org\/wp-content\/uploads\/2018\/05\/dADHSTe6_400x400.jpg","datePublished":"2018-05-03T13:47:56+00:00","description":"Asociaci\u00f3n de Familiares, Amigos y Personascon Da\u00f1o Cerebral de Castilla-La Mancha, Iguala3 Iguala3 Da\u00f1o Cerebral Sobrevenido Famosos jugar\u00e1n un partido ben\u00e9fico en Yuncos por Manuel, un hombre con ELA pero que \"nunca pierde la sonrisa\" Castilla-La Mancha Iguala3 %","breadcrumb":{"@id":"https:\/\/iguala3.org\/index.php\/2018\/05\/03\/famosos-jugaran-partido-benefico-yuncos-manuel-hombre-ela-nunca-pierde-la-sonrisa\/#breadcrumb"},"inLanguage":"es","potentialAction":[{"@type":"ReadAction","target":["https:\/\/iguala3.org\/index.php\/2018\/05\/03\/famosos-jugaran-partido-benefico-yuncos-manuel-hombre-ela-nunca-pierde-la-sonrisa\/"]}]},{"@type":"ImageObject","inLanguage":"es","@id":"https:\/\/iguala3.org\/index.php\/2018\/05\/03\/famosos-jugaran-partido-benefico-yuncos-manuel-hombre-ela-nunca-pierde-la-sonrisa\/#primaryimage","url":"https:\/\/iguala3.org\/wp-content\/uploads\/2018\/05\/dADHSTe6_400x400.jpg","contentUrl":"https:\/\/iguala3.org\/wp-content\/uploads\/2018\/05\/dADHSTe6_400x400.jpg","width":400,"height":400,"caption":"Fundaci\u00f3n Luz\u00f3n"},{"@type":"BreadcrumbList","@id":"https:\/\/iguala3.org\/index.php\/2018\/05\/03\/famosos-jugaran-partido-benefico-yuncos-manuel-hombre-ela-nunca-pierde-la-sonrisa\/#breadcrumb","itemListElement":[{"@type":"ListItem","position":1,"name":"Portada","item":"https:\/\/iguala3.org\/"},{"@type":"ListItem","position":2,"name":"Famosos jugar\u00e1n un partido ben\u00e9fico en Yuncos por Manuel, un hombre con ELA pero que \u00abnunca pierde la sonrisa\u00bb"}]},{"@type":"WebSite","@id":"https:\/\/iguala3.org\/#website","url":"https:\/\/iguala3.org\/","name":"Iguala3","description":"Asociaci\u00f3n de Familiares, Amigos y Personas con Da\u00f1o Cerebral de Castilla La Mancha","publisher":{"@id":"https:\/\/iguala3.org\/#organization"},"potentialAction":[{"@type":"SearchAction","target":{"@type":"EntryPoint","urlTemplate":"https:\/\/iguala3.org\/?s={search_term_string}"},"query-input":{"@type":"PropertyValueSpecification","valueRequired":true,"valueName":"search_term_string"}}],"inLanguage":"es"},{"@type":"Organization","@id":"https:\/\/iguala3.org\/#organization","name":"Asociaci\u00f3n de Familiares, Amigos y Personas con Da\u00f1o Cerebral de Castilla-La Mancha","url":"https:\/\/iguala3.org\/","logo":{"@type":"ImageObject","inLanguage":"es","@id":"https:\/\/iguala3.org\/#\/schema\/logo\/image\/","url":"https:\/\/iguala3.org\/wp-content\/uploads\/2015\/06\/Logo-color-I3-e1433841997489.jpg","contentUrl":"https:\/\/iguala3.org\/wp-content\/uploads\/2015\/06\/Logo-color-I3-e1433841997489.jpg","width":211,"height":87,"caption":"Asociaci\u00f3n de Familiares, Amigos y Personas con Da\u00f1o Cerebral de Castilla-La Mancha"},"image":{"@id":"https:\/\/iguala3.org\/#\/schema\/logo\/image\/"},"sameAs":["https:\/\/www.facebook.com\/pages\/Iguala3\/820765978014722","https:\/\/x.com\/iguala3_","https:\/\/www.instagram.com\/iguala_3\/","https:\/\/www.youtube.com\/channel\/UCPO794h8wGRurN_87MYN99w\/videos"]},{"@type":"Person","@id":"https:\/\/iguala3.org\/#\/schema\/person\/d33d4dd1218bf367bff9ca9c38661763","name":"Daniel","image":{"@type":"ImageObject","inLanguage":"es","@id":"https:\/\/secure.gravatar.com\/avatar\/bedb13b57e622f0105abf0cd9fc5a6a19b76c3af3a31860544670b433530b2fe?s=96&d=mm&r=g","url":"https:\/\/secure.gravatar.com\/avatar\/bedb13b57e622f0105abf0cd9fc5a6a19b76c3af3a31860544670b433530b2fe?s=96&d=mm&r=g","contentUrl":"https:\/\/secure.gravatar.com\/avatar\/bedb13b57e622f0105abf0cd9fc5a6a19b76c3af3a31860544670b433530b2fe?s=96&d=mm&r=g","caption":"Daniel"}}]}},"_links":{"self":[{"href":"https:\/\/iguala3.org\/index.php\/wp-json\/wp\/v2\/posts\/1030","targetHints":{"allow":["GET"]}}],"collection":[{"href":"https:\/\/iguala3.org\/index.php\/wp-json\/wp\/v2\/posts"}],"about":[{"href":"https:\/\/iguala3.org\/index.php\/wp-json\/wp\/v2\/types\/post"}],"author":[{"embeddable":true,"href":"https:\/\/iguala3.org\/index.php\/wp-json\/wp\/v2\/users\/1"}],"replies":[{"embeddable":true,"href":"https:\/\/iguala3.org\/index.php\/wp-json\/wp\/v2\/comments?post=1030"}],"version-history":[{"count":1,"href":"https:\/\/iguala3.org\/index.php\/wp-json\/wp\/v2\/posts\/1030\/revisions"}],"predecessor-version":[{"id":1032,"href":"https:\/\/iguala3.org\/index.php\/wp-json\/wp\/v2\/posts\/1030\/revisions\/1032"}],"wp:featuredmedia":[{"embeddable":true,"href":"https:\/\/iguala3.org\/index.php\/wp-json\/wp\/v2\/media\/1031"}],"wp:attachment":[{"href":"https:\/\/iguala3.org\/index.php\/wp-json\/wp\/v2\/media?parent=1030"}],"wp:term":[{"taxonomy":"category","embeddable":true,"href":"https:\/\/iguala3.org\/index.php\/wp-json\/wp\/v2\/categories?post=1030"},{"taxonomy":"post_tag","embeddable":true,"href":"https:\/\/iguala3.org\/index.php\/wp-json\/wp\/v2\/tags?post=1030"}],"curies":[{"name":"wp","href":"https:\/\/api.w.org\/{rel}","templated":true}]}}