{"id":1266,"date":"2019-04-29T13:57:43","date_gmt":"2019-04-29T12:57:43","guid":{"rendered":"http:\/\/iguala3.org\/?p=1266"},"modified":"2019-04-29T13:57:45","modified_gmt":"2019-04-29T12:57:45","slug":"iguala3-busca-terapeuta-ocupacional-para-polan-y-toledo","status":"publish","type":"post","link":"https:\/\/iguala3.org\/index.php\/2019\/04\/29\/iguala3-busca-terapeuta-ocupacional-para-polan-y-toledo\/","title":{"rendered":"Iguala3 busca Terapeuta Ocupacional para Pol\u00e1n y Toledo"},"content":{"rendered":"\n<p>La oferta de trabajo es para un profesional Terapeuta Ocupacional en Pol\u00e1n y Toledo, para desarrollar las actividades de un nuevo SEPAP en Pol\u00e1n a partir del 6 de mayo de 2019. Como complemento a esta actividad, tambi\u00e9n podr\u00e1 desarrollar sesiones de atenci\u00f3n a personas con Da\u00f1o Cerebral en su entorno natural. <\/p>\n\n\n\n<p>El contrato es a jornada parcial y el salario, seg\u00fan convenio. La duraci\u00f3n del proyecto es, como m\u00ednimo, hasta finales de 2019. La Direcci\u00f3n General de Dependencia plantea estos servicios con car\u00e1cter de continuidad durante los pr\u00f3ximos a\u00f1os. <\/p>\n\n\n\n<p>Las personas interesadas pueden enviar su CV al correo iguala3@iguala3.org. Para m\u00e1s informaci\u00f3n pueden contactar con la entidad en el 655 019 555.<\/p>\n\n\n\n<p><\/p>\n","protected":false},"excerpt":{"rendered":"<p>La oferta de trabajo es para un profesional Terapeuta Ocupacional en Pol\u00e1n y Toledo, para desarrollar las actividades de un nuevo SEPAP en Pol\u00e1n a partir del 6 de mayo de 2019. Como complemento a esta actividad, tambi\u00e9n podr\u00e1 desarrollar sesiones de atenci\u00f3n a personas con Da\u00f1o Cerebral en su entorno natural. El contrato es [&hellip;]<\/p>\n","protected":false},"author":1,"featured_media":1267,"comment_status":"open","ping_status":"open","sticky":false,"template":"","format":"standard","meta":{"_bbp_topic_count":0,"_bbp_reply_count":0,"_bbp_total_topic_count":0,"_bbp_total_reply_count":0,"_bbp_voice_count":0,"_bbp_anonymous_reply_count":0,"_bbp_topic_count_hidden":0,"_bbp_reply_count_hidden":0,"_bbp_forum_subforum_count":0,"_monsterinsights_skip_tracking":false,"_monsterinsights_sitenote_active":false,"_monsterinsights_sitenote_note":"","_monsterinsights_sitenote_category":0,"footnotes":""},"categories":[3],"tags":[],"class_list":{"0":"post-1266","1":"post","2":"type-post","3":"status-publish","4":"format-standard","5":"has-post-thumbnail","7":"category-noticias","8":"czr-hentry"},"yoast_head":"<!-- This site is optimized with the Yoast SEO plugin v27.2 - https:\/\/yoast.com\/product\/yoast-seo-wordpress\/ -->\n<title>Iguala3 busca Terapeuta Ocupacional para Pol\u00e1n y Toledo - Iguala3<\/title>\n<meta name=\"description\" content=\"Asociaci\u00f3n de Familiares, Amigos y Personascon Da\u00f1o Cerebral de Castilla-La Mancha, Iguala3 Iguala3 Da\u00f1o Cerebral Sobrevenido Iguala3 busca Terapeuta Ocupacional para Pol\u00e1n y Toledo Castilla-La Mancha Iguala3 %\" \/>\n<meta name=\"robots\" content=\"index, follow, max-snippet:-1, max-image-preview:large, max-video-preview:-1\" \/>\n<link rel=\"canonical\" href=\"https:\/\/iguala3.org\/index.php\/2019\/04\/29\/iguala3-busca-terapeuta-ocupacional-para-polan-y-toledo\/\" \/>\n<meta property=\"og:locale\" content=\"es_ES\" \/>\n<meta property=\"og:type\" content=\"article\" \/>\n<meta property=\"og:title\" content=\"Iguala3 busca Terapeuta Ocupacional para Pol\u00e1n y Toledo - Iguala3\" \/>\n<meta property=\"og:description\" content=\"Asociaci\u00f3n de Familiares, Amigos y Personascon Da\u00f1o Cerebral de Castilla-La Mancha, Iguala3 Iguala3 Da\u00f1o Cerebral Sobrevenido Iguala3 busca Terapeuta Ocupacional para Pol\u00e1n y Toledo Castilla-La Mancha Iguala3 %\" \/>\n<meta property=\"og:url\" content=\"https:\/\/iguala3.org\/index.php\/2019\/04\/29\/iguala3-busca-terapeuta-ocupacional-para-polan-y-toledo\/\" \/>\n<meta property=\"og:site_name\" content=\"Iguala3\" \/>\n<meta property=\"article:publisher\" content=\"https:\/\/www.facebook.com\/pages\/Iguala3\/820765978014722\" \/>\n<meta property=\"article:published_time\" content=\"2019-04-29T12:57:43+00:00\" \/>\n<meta property=\"article:modified_time\" content=\"2019-04-29T12:57:45+00:00\" \/>\n<meta property=\"og:image\" content=\"https:\/\/iguala3.org\/wp-content\/uploads\/2019\/04\/TO-2019-SEPAP.png\" \/>\n\t<meta property=\"og:image:width\" content=\"256\" \/>\n\t<meta property=\"og:image:height\" content=\"256\" \/>\n\t<meta property=\"og:image:type\" content=\"image\/png\" \/>\n<meta name=\"author\" content=\"Daniel\" \/>\n<meta name=\"twitter:card\" content=\"summary_large_image\" \/>\n<meta name=\"twitter:creator\" content=\"@iguala3_\" \/>\n<meta name=\"twitter:site\" content=\"@iguala3_\" \/>\n<meta name=\"twitter:label1\" content=\"Escrito por\" \/>\n\t<meta name=\"twitter:data1\" content=\"Daniel\" \/>\n\t<meta name=\"twitter:label2\" content=\"Tiempo de lectura\" \/>\n\t<meta name=\"twitter:data2\" content=\"1 minuto\" \/>\n<script type=\"application\/ld+json\" class=\"yoast-schema-graph\">{\"@context\":\"https:\/\/schema.org\",\"@graph\":[{\"@type\":\"Article\",\"@id\":\"https:\/\/iguala3.org\/index.php\/2019\/04\/29\/iguala3-busca-terapeuta-ocupacional-para-polan-y-toledo\/#article\",\"isPartOf\":{\"@id\":\"https:\/\/iguala3.org\/index.php\/2019\/04\/29\/iguala3-busca-terapeuta-ocupacional-para-polan-y-toledo\/\"},\"author\":{\"name\":\"Daniel\",\"@id\":\"https:\/\/iguala3.org\/#\/schema\/person\/d33d4dd1218bf367bff9ca9c38661763\"},\"headline\":\"Iguala3 busca Terapeuta Ocupacional para Pol\u00e1n y Toledo\",\"datePublished\":\"2019-04-29T12:57:43+00:00\",\"dateModified\":\"2019-04-29T12:57:45+00:00\",\"mainEntityOfPage\":{\"@id\":\"https:\/\/iguala3.org\/index.php\/2019\/04\/29\/iguala3-busca-terapeuta-ocupacional-para-polan-y-toledo\/\"},\"wordCount\":132,\"commentCount\":0,\"publisher\":{\"@id\":\"https:\/\/iguala3.org\/#organization\"},\"image\":{\"@id\":\"https:\/\/iguala3.org\/index.php\/2019\/04\/29\/iguala3-busca-terapeuta-ocupacional-para-polan-y-toledo\/#primaryimage\"},\"thumbnailUrl\":\"https:\/\/iguala3.org\/wp-content\/uploads\/2019\/04\/TO-2019-SEPAP.png\",\"articleSection\":[\"Noticias\"],\"inLanguage\":\"es\",\"potentialAction\":[{\"@type\":\"CommentAction\",\"name\":\"Comment\",\"target\":[\"https:\/\/iguala3.org\/index.php\/2019\/04\/29\/iguala3-busca-terapeuta-ocupacional-para-polan-y-toledo\/#respond\"]}]},{\"@type\":\"WebPage\",\"@id\":\"https:\/\/iguala3.org\/index.php\/2019\/04\/29\/iguala3-busca-terapeuta-ocupacional-para-polan-y-toledo\/\",\"url\":\"https:\/\/iguala3.org\/index.php\/2019\/04\/29\/iguala3-busca-terapeuta-ocupacional-para-polan-y-toledo\/\",\"name\":\"Iguala3 busca Terapeuta Ocupacional para Pol\u00e1n y Toledo - Iguala3\",\"isPartOf\":{\"@id\":\"https:\/\/iguala3.org\/#website\"},\"primaryImageOfPage\":{\"@id\":\"https:\/\/iguala3.org\/index.php\/2019\/04\/29\/iguala3-busca-terapeuta-ocupacional-para-polan-y-toledo\/#primaryimage\"},\"image\":{\"@id\":\"https:\/\/iguala3.org\/index.php\/2019\/04\/29\/iguala3-busca-terapeuta-ocupacional-para-polan-y-toledo\/#primaryimage\"},\"thumbnailUrl\":\"https:\/\/iguala3.org\/wp-content\/uploads\/2019\/04\/TO-2019-SEPAP.png\",\"datePublished\":\"2019-04-29T12:57:43+00:00\",\"dateModified\":\"2019-04-29T12:57:45+00:00\",\"description\":\"Asociaci\u00f3n de Familiares, Amigos y Personascon Da\u00f1o Cerebral de Castilla-La Mancha, Iguala3 Iguala3 Da\u00f1o Cerebral Sobrevenido Iguala3 busca Terapeuta Ocupacional para Pol\u00e1n y Toledo Castilla-La Mancha Iguala3 %\",\"breadcrumb\":{\"@id\":\"https:\/\/iguala3.org\/index.php\/2019\/04\/29\/iguala3-busca-terapeuta-ocupacional-para-polan-y-toledo\/#breadcrumb\"},\"inLanguage\":\"es\",\"potentialAction\":[{\"@type\":\"ReadAction\",\"target\":[\"https:\/\/iguala3.org\/index.php\/2019\/04\/29\/iguala3-busca-terapeuta-ocupacional-para-polan-y-toledo\/\"]}]},{\"@type\":\"ImageObject\",\"inLanguage\":\"es\",\"@id\":\"https:\/\/iguala3.org\/index.php\/2019\/04\/29\/iguala3-busca-terapeuta-ocupacional-para-polan-y-toledo\/#primaryimage\",\"url\":\"https:\/\/iguala3.org\/wp-content\/uploads\/2019\/04\/TO-2019-SEPAP.png\",\"contentUrl\":\"https:\/\/iguala3.org\/wp-content\/uploads\/2019\/04\/TO-2019-SEPAP.png\",\"width\":256,\"height\":256},{\"@type\":\"BreadcrumbList\",\"@id\":\"https:\/\/iguala3.org\/index.php\/2019\/04\/29\/iguala3-busca-terapeuta-ocupacional-para-polan-y-toledo\/#breadcrumb\",\"itemListElement\":[{\"@type\":\"ListItem\",\"position\":1,\"name\":\"Portada\",\"item\":\"https:\/\/iguala3.org\/\"},{\"@type\":\"ListItem\",\"position\":2,\"name\":\"Iguala3 busca Terapeuta Ocupacional para Pol\u00e1n y Toledo\"}]},{\"@type\":\"WebSite\",\"@id\":\"https:\/\/iguala3.org\/#website\",\"url\":\"https:\/\/iguala3.org\/\",\"name\":\"Iguala3\",\"description\":\"Asociaci\u00f3n de Familiares, Amigos y Personas con Da\u00f1o Cerebral de Castilla La Mancha\",\"publisher\":{\"@id\":\"https:\/\/iguala3.org\/#organization\"},\"potentialAction\":[{\"@type\":\"SearchAction\",\"target\":{\"@type\":\"EntryPoint\",\"urlTemplate\":\"https:\/\/iguala3.org\/?s={search_term_string}\"},\"query-input\":{\"@type\":\"PropertyValueSpecification\",\"valueRequired\":true,\"valueName\":\"search_term_string\"}}],\"inLanguage\":\"es\"},{\"@type\":\"Organization\",\"@id\":\"https:\/\/iguala3.org\/#organization\",\"name\":\"Asociaci\u00f3n de Familiares, Amigos y Personas con Da\u00f1o Cerebral de Castilla-La Mancha\",\"url\":\"https:\/\/iguala3.org\/\",\"logo\":{\"@type\":\"ImageObject\",\"inLanguage\":\"es\",\"@id\":\"https:\/\/iguala3.org\/#\/schema\/logo\/image\/\",\"url\":\"https:\/\/iguala3.org\/wp-content\/uploads\/2015\/06\/Logo-color-I3-e1433841997489.jpg\",\"contentUrl\":\"https:\/\/iguala3.org\/wp-content\/uploads\/2015\/06\/Logo-color-I3-e1433841997489.jpg\",\"width\":211,\"height\":87,\"caption\":\"Asociaci\u00f3n de Familiares, Amigos y Personas con Da\u00f1o Cerebral de Castilla-La Mancha\"},\"image\":{\"@id\":\"https:\/\/iguala3.org\/#\/schema\/logo\/image\/\"},\"sameAs\":[\"https:\/\/www.facebook.com\/pages\/Iguala3\/820765978014722\",\"https:\/\/x.com\/iguala3_\",\"https:\/\/www.instagram.com\/iguala_3\/\",\"https:\/\/www.youtube.com\/channel\/UCPO794h8wGRurN_87MYN99w\/videos\"]},{\"@type\":\"Person\",\"@id\":\"https:\/\/iguala3.org\/#\/schema\/person\/d33d4dd1218bf367bff9ca9c38661763\",\"name\":\"Daniel\",\"image\":{\"@type\":\"ImageObject\",\"inLanguage\":\"es\",\"@id\":\"https:\/\/secure.gravatar.com\/avatar\/bedb13b57e622f0105abf0cd9fc5a6a19b76c3af3a31860544670b433530b2fe?s=96&d=mm&r=g\",\"url\":\"https:\/\/secure.gravatar.com\/avatar\/bedb13b57e622f0105abf0cd9fc5a6a19b76c3af3a31860544670b433530b2fe?s=96&d=mm&r=g\",\"contentUrl\":\"https:\/\/secure.gravatar.com\/avatar\/bedb13b57e622f0105abf0cd9fc5a6a19b76c3af3a31860544670b433530b2fe?s=96&d=mm&r=g\",\"caption\":\"Daniel\"}}]}<\/script>\n<!-- \/ Yoast SEO plugin. -->","yoast_head_json":{"title":"Iguala3 busca Terapeuta Ocupacional para Pol\u00e1n y Toledo - Iguala3","description":"Asociaci\u00f3n de Familiares, Amigos y Personascon Da\u00f1o Cerebral de Castilla-La Mancha, Iguala3 Iguala3 Da\u00f1o Cerebral Sobrevenido Iguala3 busca Terapeuta Ocupacional para Pol\u00e1n y Toledo Castilla-La Mancha Iguala3 %","robots":{"index":"index","follow":"follow","max-snippet":"max-snippet:-1","max-image-preview":"max-image-preview:large","max-video-preview":"max-video-preview:-1"},"canonical":"https:\/\/iguala3.org\/index.php\/2019\/04\/29\/iguala3-busca-terapeuta-ocupacional-para-polan-y-toledo\/","og_locale":"es_ES","og_type":"article","og_title":"Iguala3 busca Terapeuta Ocupacional para Pol\u00e1n y Toledo - Iguala3","og_description":"Asociaci\u00f3n de Familiares, Amigos y Personascon Da\u00f1o Cerebral de Castilla-La Mancha, Iguala3 Iguala3 Da\u00f1o Cerebral Sobrevenido Iguala3 busca Terapeuta Ocupacional para Pol\u00e1n y Toledo Castilla-La Mancha Iguala3 %","og_url":"https:\/\/iguala3.org\/index.php\/2019\/04\/29\/iguala3-busca-terapeuta-ocupacional-para-polan-y-toledo\/","og_site_name":"Iguala3","article_publisher":"https:\/\/www.facebook.com\/pages\/Iguala3\/820765978014722","article_published_time":"2019-04-29T12:57:43+00:00","article_modified_time":"2019-04-29T12:57:45+00:00","og_image":[{"width":256,"height":256,"url":"https:\/\/iguala3.org\/wp-content\/uploads\/2019\/04\/TO-2019-SEPAP.png","type":"image\/png"}],"author":"Daniel","twitter_card":"summary_large_image","twitter_creator":"@iguala3_","twitter_site":"@iguala3_","twitter_misc":{"Escrito por":"Daniel","Tiempo de lectura":"1 minuto"},"schema":{"@context":"https:\/\/schema.org","@graph":[{"@type":"Article","@id":"https:\/\/iguala3.org\/index.php\/2019\/04\/29\/iguala3-busca-terapeuta-ocupacional-para-polan-y-toledo\/#article","isPartOf":{"@id":"https:\/\/iguala3.org\/index.php\/2019\/04\/29\/iguala3-busca-terapeuta-ocupacional-para-polan-y-toledo\/"},"author":{"name":"Daniel","@id":"https:\/\/iguala3.org\/#\/schema\/person\/d33d4dd1218bf367bff9ca9c38661763"},"headline":"Iguala3 busca Terapeuta Ocupacional para Pol\u00e1n y Toledo","datePublished":"2019-04-29T12:57:43+00:00","dateModified":"2019-04-29T12:57:45+00:00","mainEntityOfPage":{"@id":"https:\/\/iguala3.org\/index.php\/2019\/04\/29\/iguala3-busca-terapeuta-ocupacional-para-polan-y-toledo\/"},"wordCount":132,"commentCount":0,"publisher":{"@id":"https:\/\/iguala3.org\/#organization"},"image":{"@id":"https:\/\/iguala3.org\/index.php\/2019\/04\/29\/iguala3-busca-terapeuta-ocupacional-para-polan-y-toledo\/#primaryimage"},"thumbnailUrl":"https:\/\/iguala3.org\/wp-content\/uploads\/2019\/04\/TO-2019-SEPAP.png","articleSection":["Noticias"],"inLanguage":"es","potentialAction":[{"@type":"CommentAction","name":"Comment","target":["https:\/\/iguala3.org\/index.php\/2019\/04\/29\/iguala3-busca-terapeuta-ocupacional-para-polan-y-toledo\/#respond"]}]},{"@type":"WebPage","@id":"https:\/\/iguala3.org\/index.php\/2019\/04\/29\/iguala3-busca-terapeuta-ocupacional-para-polan-y-toledo\/","url":"https:\/\/iguala3.org\/index.php\/2019\/04\/29\/iguala3-busca-terapeuta-ocupacional-para-polan-y-toledo\/","name":"Iguala3 busca Terapeuta Ocupacional para Pol\u00e1n y Toledo - Iguala3","isPartOf":{"@id":"https:\/\/iguala3.org\/#website"},"primaryImageOfPage":{"@id":"https:\/\/iguala3.org\/index.php\/2019\/04\/29\/iguala3-busca-terapeuta-ocupacional-para-polan-y-toledo\/#primaryimage"},"image":{"@id":"https:\/\/iguala3.org\/index.php\/2019\/04\/29\/iguala3-busca-terapeuta-ocupacional-para-polan-y-toledo\/#primaryimage"},"thumbnailUrl":"https:\/\/iguala3.org\/wp-content\/uploads\/2019\/04\/TO-2019-SEPAP.png","datePublished":"2019-04-29T12:57:43+00:00","dateModified":"2019-04-29T12:57:45+00:00","description":"Asociaci\u00f3n de Familiares, Amigos y Personascon Da\u00f1o Cerebral de Castilla-La Mancha, Iguala3 Iguala3 Da\u00f1o Cerebral Sobrevenido Iguala3 busca Terapeuta Ocupacional para Pol\u00e1n y Toledo Castilla-La Mancha Iguala3 %","breadcrumb":{"@id":"https:\/\/iguala3.org\/index.php\/2019\/04\/29\/iguala3-busca-terapeuta-ocupacional-para-polan-y-toledo\/#breadcrumb"},"inLanguage":"es","potentialAction":[{"@type":"ReadAction","target":["https:\/\/iguala3.org\/index.php\/2019\/04\/29\/iguala3-busca-terapeuta-ocupacional-para-polan-y-toledo\/"]}]},{"@type":"ImageObject","inLanguage":"es","@id":"https:\/\/iguala3.org\/index.php\/2019\/04\/29\/iguala3-busca-terapeuta-ocupacional-para-polan-y-toledo\/#primaryimage","url":"https:\/\/iguala3.org\/wp-content\/uploads\/2019\/04\/TO-2019-SEPAP.png","contentUrl":"https:\/\/iguala3.org\/wp-content\/uploads\/2019\/04\/TO-2019-SEPAP.png","width":256,"height":256},{"@type":"BreadcrumbList","@id":"https:\/\/iguala3.org\/index.php\/2019\/04\/29\/iguala3-busca-terapeuta-ocupacional-para-polan-y-toledo\/#breadcrumb","itemListElement":[{"@type":"ListItem","position":1,"name":"Portada","item":"https:\/\/iguala3.org\/"},{"@type":"ListItem","position":2,"name":"Iguala3 busca Terapeuta Ocupacional para Pol\u00e1n y Toledo"}]},{"@type":"WebSite","@id":"https:\/\/iguala3.org\/#website","url":"https:\/\/iguala3.org\/","name":"Iguala3","description":"Asociaci\u00f3n de Familiares, Amigos y Personas con Da\u00f1o Cerebral de Castilla La Mancha","publisher":{"@id":"https:\/\/iguala3.org\/#organization"},"potentialAction":[{"@type":"SearchAction","target":{"@type":"EntryPoint","urlTemplate":"https:\/\/iguala3.org\/?s={search_term_string}"},"query-input":{"@type":"PropertyValueSpecification","valueRequired":true,"valueName":"search_term_string"}}],"inLanguage":"es"},{"@type":"Organization","@id":"https:\/\/iguala3.org\/#organization","name":"Asociaci\u00f3n de Familiares, Amigos y Personas con Da\u00f1o Cerebral de Castilla-La Mancha","url":"https:\/\/iguala3.org\/","logo":{"@type":"ImageObject","inLanguage":"es","@id":"https:\/\/iguala3.org\/#\/schema\/logo\/image\/","url":"https:\/\/iguala3.org\/wp-content\/uploads\/2015\/06\/Logo-color-I3-e1433841997489.jpg","contentUrl":"https:\/\/iguala3.org\/wp-content\/uploads\/2015\/06\/Logo-color-I3-e1433841997489.jpg","width":211,"height":87,"caption":"Asociaci\u00f3n de Familiares, Amigos y Personas con Da\u00f1o Cerebral de Castilla-La Mancha"},"image":{"@id":"https:\/\/iguala3.org\/#\/schema\/logo\/image\/"},"sameAs":["https:\/\/www.facebook.com\/pages\/Iguala3\/820765978014722","https:\/\/x.com\/iguala3_","https:\/\/www.instagram.com\/iguala_3\/","https:\/\/www.youtube.com\/channel\/UCPO794h8wGRurN_87MYN99w\/videos"]},{"@type":"Person","@id":"https:\/\/iguala3.org\/#\/schema\/person\/d33d4dd1218bf367bff9ca9c38661763","name":"Daniel","image":{"@type":"ImageObject","inLanguage":"es","@id":"https:\/\/secure.gravatar.com\/avatar\/bedb13b57e622f0105abf0cd9fc5a6a19b76c3af3a31860544670b433530b2fe?s=96&d=mm&r=g","url":"https:\/\/secure.gravatar.com\/avatar\/bedb13b57e622f0105abf0cd9fc5a6a19b76c3af3a31860544670b433530b2fe?s=96&d=mm&r=g","contentUrl":"https:\/\/secure.gravatar.com\/avatar\/bedb13b57e622f0105abf0cd9fc5a6a19b76c3af3a31860544670b433530b2fe?s=96&d=mm&r=g","caption":"Daniel"}}]}},"_links":{"self":[{"href":"https:\/\/iguala3.org\/index.php\/wp-json\/wp\/v2\/posts\/1266","targetHints":{"allow":["GET"]}}],"collection":[{"href":"https:\/\/iguala3.org\/index.php\/wp-json\/wp\/v2\/posts"}],"about":[{"href":"https:\/\/iguala3.org\/index.php\/wp-json\/wp\/v2\/types\/post"}],"author":[{"embeddable":true,"href":"https:\/\/iguala3.org\/index.php\/wp-json\/wp\/v2\/users\/1"}],"replies":[{"embeddable":true,"href":"https:\/\/iguala3.org\/index.php\/wp-json\/wp\/v2\/comments?post=1266"}],"version-history":[{"count":2,"href":"https:\/\/iguala3.org\/index.php\/wp-json\/wp\/v2\/posts\/1266\/revisions"}],"predecessor-version":[{"id":1269,"href":"https:\/\/iguala3.org\/index.php\/wp-json\/wp\/v2\/posts\/1266\/revisions\/1269"}],"wp:featuredmedia":[{"embeddable":true,"href":"https:\/\/iguala3.org\/index.php\/wp-json\/wp\/v2\/media\/1267"}],"wp:attachment":[{"href":"https:\/\/iguala3.org\/index.php\/wp-json\/wp\/v2\/media?parent=1266"}],"wp:term":[{"taxonomy":"category","embeddable":true,"href":"https:\/\/iguala3.org\/index.php\/wp-json\/wp\/v2\/categories?post=1266"},{"taxonomy":"post_tag","embeddable":true,"href":"https:\/\/iguala3.org\/index.php\/wp-json\/wp\/v2\/tags?post=1266"}],"curies":[{"name":"wp","href":"https:\/\/api.w.org\/{rel}","templated":true}]}}